{"id":2072,"date":"2022-02-11T09:30:06","date_gmt":"2022-02-11T09:30:06","guid":{"rendered":"https:\/\/www.dogchef.com\/blog\/les-races-de-chiens-sujettes-aux-problemes-respiratoires\/"},"modified":"2026-08-24T13:53:14","modified_gmt":"2026-08-24T13:53:14","slug":"les-races-de-chiens-sujettes-aux-problemes-respiratoires","status":"publish","type":"post","link":"https:\/\/www.dogchef.com\/fr\/blog\/les-races-de-chiens-sujettes-aux-problemes-respiratoires","title":{"rendered":"Les races de chiens sujettes aux probl\u00e8mes respiratoires"},"content":{"rendered":"<div class=\"default__block container-fluid lg \">\n<p><b><em><span style=\"color:#007670\" class=\"has-inline-color\">Lorsque l\u2019on adopte un chien, on pense tout d\u2019abord aux longues ballades , aux l\u00e9chouilles et si on est pr\u00e9voyant et bien renseign\u00e9, on anticipe \u00e9galement les aboiements et les gratouilles intempestives dans le jardin. On pense nettement moins \u00e0 l\u2019aspect m\u00e9dical, surtout quand vient le moment de s\u00e9lectionner la race de votre meilleur ami.<\/span><\/em><\/b><\/p>\n<\/div>\n\n<div class=\"default__block container-fluid lg \">\n<div id=\"ez-toc-container\" class=\"ez-toc-v2_0_82_2 ez-toc-wrap-center counter-flat ez-toc-counter ez-toc-custom ez-toc-container-direction\">\n<div class=\"ez-toc-title-container\">\n<p class=\"ez-toc-title ez-toc-toggle\" style=\"cursor:pointer\">Table of contents<\/p>\n<span class=\"ez-toc-title-toggle\"><a href=\"#\" class=\"ez-toc-pull-right ez-toc-btn ez-toc-btn-xs ez-toc-btn-default ez-toc-toggle\" aria-label=\"Toggle Table of Content\"><span class=\"ez-toc-js-icon-con\"><span class=\"\"><span class=\"eztoc-hide\" style=\"display:none;\">Toggle<\/span><span class=\"ez-toc-icon-toggle-span\"><svg style=\"fill: #007670;color:#007670\" xmlns=\"http:\/\/www.w3.org\/2000\/svg\" class=\"list-377408\" width=\"20px\" height=\"20px\" viewBox=\"0 0 24 24\" fill=\"none\"><path d=\"M6 6H4v2h2V6zm14 0H8v2h12V6zM4 11h2v2H4v-2zm16 0H8v2h12v-2zM4 16h2v2H4v-2zm16 0H8v2h12v-2z\" fill=\"currentColor\"><\/path><\/svg><svg style=\"fill: #007670;color:#007670\" class=\"arrow-unsorted-368013\" xmlns=\"http:\/\/www.w3.org\/2000\/svg\" width=\"10px\" height=\"10px\" viewBox=\"0 0 24 24\" version=\"1.2\" baseProfile=\"tiny\"><path d=\"M18.2 9.3l-6.2-6.3-6.2 6.3c-.2.2-.3.4-.3.7s.1.5.3.7c.2.2.4.3.7.3h11c.3 0 .5-.1.7-.3.2-.2.3-.5.3-.7s-.1-.5-.3-.7zM5.8 14.7l6.2 6.3 6.2-6.3c.2-.2.3-.5.3-.7s-.1-.5-.3-.7c-.2-.2-.4-.3-.7-.3h-11c-.3 0-.5.1-.7.3-.2.2-.3.5-.3.7s.1.5.3.7z\"\/><\/svg><\/span><\/span><\/span><\/a><\/span><\/div>\n<nav><ul class='ez-toc-list ez-toc-list-level-1 eztoc-toggle-hide-by-default' ><li class='ez-toc-page-1'><a class=\"ez-toc-link ez-toc-heading-1\" href=\"https:\/\/www.dogchef.com\/fr\/blog\/les-races-de-chiens-sujettes-aux-problemes-respiratoires\/#Les_races_de_chiens_sujettes_aux_problemes_respiratoires\" >Les races de chiens sujettes aux probl\u00e8mes respiratoires<\/a><\/li><li class='ez-toc-page-1'><a class=\"ez-toc-link ez-toc-heading-2\" href=\"https:\/\/www.dogchef.com\/fr\/blog\/les-races-de-chiens-sujettes-aux-problemes-respiratoires\/#Les_causes_de_maladies_respiratoires_chez_le_chien\" >Les causes de maladies respiratoires chez le chien :<\/a><\/li><li class='ez-toc-page-1'><a class=\"ez-toc-link ez-toc-heading-3\" href=\"https:\/\/www.dogchef.com\/fr\/blog\/les-races-de-chiens-sujettes-aux-problemes-respiratoires\/#Les_races_de_chien_sensibles_aux_maladies_respiratoires_chez_le_chien\" >Les races de chien sensibles aux maladies respiratoires chez le chien :<\/a><\/li><\/ul><\/nav><\/div>\n\n<\/div>\n\n<div class=\"default__block container-fluid lg \">\n<h2 class=\"wp-block-heading\"><span class=\"ez-toc-section\" id=\"Les_races_de_chiens_sujettes_aux_problemes_respiratoires\"><\/span>Les races de chiens sujettes aux probl\u00e8mes respiratoires<span class=\"ez-toc-section-end\"><\/span><\/h2>\n<\/div>\n\n<div class=\"default__block container-fluid lg \">\n<p>Pourtant en fonction des esp\u00e8ces de chien, des maladies pr\u00e9cises peuvent subvenir. En cause ? La consanguinit\u00e9 parfois pr\u00e9cipit\u00e9e par des \u00e9leveurs peu scrupuleux, mais aussi la morphologie de l\u2019animal et ses dispositions naturelles \u00e0 <a href=\"https:\/\/www.dogchef.com\/fr\/blog\/mon-chien-est-il-trop-gros\">des troubles comme l\u2019embonpoint<\/a>. Certaines races de chien sont par exemple sujettes aux probl\u00e8mes respiratoires. Ces troubles assez fr\u00e9quents provoquent des hal\u00e8tements et des ronflements dans les cas les moins graves et peuvent mettre en danger la vie de votre animal dans les cas les plus s\u00e9v\u00e8res. Rassurez-vous pourtant, il existe des moyens efficaces pour pr\u00e9venir ce genre de soucis. \u00c0 commencer par des visites r\u00e9guli\u00e8res chez le v\u00e9t\u00e9rinaire.<\/p>\n<\/div>\n\n<div class=\"default__block container-fluid lg \">\n<h2 class=\"wp-block-heading\"><span class=\"ez-toc-section\" id=\"Les_causes_de_maladies_respiratoires_chez_le_chien\"><\/span>Les causes de maladies respiratoires chez le chien :<span class=\"ez-toc-section-end\"><\/span><\/h2>\n<\/div>\n\n<div class=\"default__block container-fluid lg \">\n<p>Si la race est souvent une cause de maladie respiratoire chez le chien, il existe de nombreuses autres raisons qui emp\u00eachent votre chien de respirer correctement. \u00c0 vous d\u2019identifier le souci, si n\u00e9cessaire avec l\u2019aide d\u2019un professionnel : le trouble est-il ponctuel ? Intervient-il a une p\u00e9riode sp\u00e9cifique ? Votre chien pr\u00e9sente-t-il d\u2019autres sympt\u00f4mes ?<\/p>\n<\/div>\n\n<div class=\"default__block container-fluid lg \">\n<p><strong>Mon chien a ing\u00e9r\u00e9 un corps \u00e9tranger :<\/strong> Une des principales raisons des soucis respirations soudains chez le chien est l\u2019ingestion d\u2019un corps \u00e9tranger.&nbsp;<\/p>\n<\/div>\n\n<div class=\"default__block container-fluid lg \">\n<p><strong>Mon chien souffre d\u2019une bronchite :<\/strong> Virale, bact\u00e9rienne voire allergique, cette maladie bien connue de tous les mammif\u00e8res cause une inflammation des bronches.<\/p>\n<\/div>\n\n<div class=\"default__block container-fluid lg \">\n<p><strong>Mon chien est atteint d\u2019une trach\u00e9ite : <\/strong>La trach\u00e9ite est une inflammation de la trach\u00e9e, elle peut \u00eatre virale ou bact\u00e9rienne et provoque \u00e9galement des aboiements rauques.<\/p>\n<\/div>\n\n<div class=\"default__block container-fluid lg \">\n<p><strong>Mon chien a d\u00e9velopp\u00e9 une tumeur :<\/strong> Malheureusement les tumeurs et certaines maladies plus graves peuvent \u00e9galement causer des soucis respiratoires.<\/p>\n<\/div>\n\n<div class=\"default__block container-fluid lg \">\n<p><strong>Mon chien souffre d\u2019une malformation cong\u00e9nitale : <\/strong>Certaines races de chiens sont particuli\u00e8rement sensibles aux probl\u00e8mes respiratoires. Notamment les <a href=\"https:\/\/www.dogchef.com\/fr\/blog\/10-races-de-petits-chiens-dappartement\">petits chiens<\/a>.<\/p>\n<\/div>\n\n<div class=\"default__block container-fluid lg \">\n<h2 class=\"wp-block-heading\"><span class=\"ez-toc-section\" id=\"Les_races_de_chien_sensibles_aux_maladies_respiratoires_chez_le_chien\"><\/span>Les races de chien sensibles aux maladies respiratoires chez le chien :<span class=\"ez-toc-section-end\"><\/span><\/h2>\n<\/div>\n\n<div class=\"default__block container-fluid lg \">\n<p>Le syndrome respiratoire des chiens de races brachyc\u00e9phale est une affection qui concerne de nombreuses races de petits chiens. Ce syndrome entra\u00eene des difficult\u00e9s respiratoires caus\u00e9s par des narines trop petites et un palais trop mou et trop long qui emp\u00eache la glotte de se fermer normalement. La nourriture ainsi ing\u00e9r\u00e9e est alors susceptible de se retrouver en petite quantit\u00e9 dans les poumons, ce qui d\u00e9g\u00e9n\u00e8re alors en pneumonie.<\/p>\n<\/div>\n\n<div class=\"default__block container-fluid lg \">\n<p>Si tous les individus d\u2019une m\u00eame race ne sont pas tous concern\u00e9s, restez vigilants si vous poss\u00e9dez un chien issu d\u2019une des races suivantes :<\/p>\n<\/div>\n\n<div class=\"default__block container-fluid lg \">\n<ul><div class=\"default__block container-fluid lg \">\n<li>Boston Terriers ;<\/li>\n<\/div>\n\n<div class=\"default__block container-fluid lg \">\n<li>Bouledogues Fran\u00e7ais ;<\/li>\n<\/div>\n\n<div class=\"default__block container-fluid lg \">\n<li>Bouledogues anglais ;<\/li>\n<\/div>\n\n<div class=\"default__block container-fluid lg \">\n<li>Boxers ;<\/li>\n<\/div>\n\n<div class=\"default__block container-fluid lg \">\n<li>Carlins ;<\/li>\n<\/div>\n\n<div class=\"default__block container-fluid lg \">\n<li>Lhasa Apso ;<\/li>\n<\/div>\n\n<div class=\"default__block container-fluid lg \">\n<li>P\u00e9kinois ;<\/li>\n<\/div>\n\n<div class=\"default__block container-fluid lg \">\n<li>Shar Pei ;&nbsp;<\/li>\n<\/div>\n\n<div class=\"default__block container-fluid lg \">\n<li>Shihs tsu.<\/li>\n<\/div><\/ul>\n<\/div>\n\n<div class=\"default__block container-fluid lg \">\n<p>Tous les chiens des races cit\u00e9es ne sont pas sujets \u00e0 ces maladies, mais il convient de rester tr\u00e8s vigilants. Les premiers sympt\u00f4mes se manifestent quand le chien devient adulte. Si des ronflements sont normaux, notamment chez le Pug (carlin), une visite pr\u00e9ventive chez le v\u00e9t\u00e9rinaire vous permettra de d\u00e9terminer si le chien est concern\u00e9. Il est fondamental d&rsquo;assurer le <a href=\"https:\/\/www.dogchef.com\/fr\/categorie\/bien-etre-chien\">bien-\u00eatre<\/a> de votre pr\u00e9cieux compagnons.<\/p>\n<\/div>\n\n<div class=\"default__block container-fluid lg \">\n<p><b>Et vous ? Avez-vous constat\u00e9 un trouble respiratoire chez votre chien de race ? Dites-nous tout en commentaires !<\/b><\/p>\n<\/div>","protected":false},"excerpt":{"rendered":"<p>Lorsque l\u2019on adopte un chien, on pense tout d\u2019abord aux longues ballades , aux l\u00e9chouilles et si on est pr\u00e9voyant et bien renseign\u00e9, on anticipe \u00e9galement les aboiements et les gratouilles intempestives dans le jardin. On pense nettement moins \u00e0 l\u2019aspect m\u00e9dical, surtout quand vient le moment de s\u00e9lectionner la race de votre meilleur ami.<\/p>\n","protected":false},"author":25,"featured_media":2590,"comment_status":"open","ping_status":"closed","sticky":false,"template":"","format":"standard","meta":{"inline_featured_image":false},"categories":[23],"tags":[],"acf":[],"yoast_head":"<!-- This site is optimized with the Yoast SEO plugin v21.5 - https:\/\/yoast.com\/wordpress\/plugins\/seo\/ -->\n<title>Races brachyc\u00e9phales et troubles respiratoires | Dog Chef<\/title>\n<meta name=\"description\" content=\"Bouledogues, carlins, boxers : d\u00e9couvrez quelles races brachyc\u00e9phales sont les plus expos\u00e9es aux troubles respiratoires.\" \/>\n<meta name=\"robots\" content=\"index, follow, max-snippet:-1, max-image-preview:large, max-video-preview:-1\" \/>\n<link rel=\"canonical\" href=\"https:\/\/www.dogchef.com\/fr\/blog\/les-races-de-chiens-sujettes-aux-problemes-respiratoires\" \/>\n<meta property=\"og:locale\" content=\"fr_FR\" \/>\n<meta property=\"og:type\" content=\"article\" \/>\n<meta property=\"og:title\" content=\"Races brachyc\u00e9phales et troubles respiratoires | Dog Chef\" \/>\n<meta property=\"og:description\" content=\"Bouledogues, carlins, boxers : d\u00e9couvrez quelles races brachyc\u00e9phales sont les plus expos\u00e9es aux troubles respiratoires.\" \/>\n<meta property=\"og:url\" content=\"https:\/\/www.dogchef.com\/fr\/blog\/les-races-de-chiens-sujettes-aux-problemes-respiratoires\" \/>\n<meta property=\"og:site_name\" content=\"Dog Chef\" \/>\n<meta property=\"article:publisher\" content=\"https:\/\/www.facebook.com\/dogcheffood\" \/>\n<meta property=\"article:published_time\" content=\"2022-02-11T09:30:06+00:00\" \/>\n<meta property=\"article:modified_time\" content=\"2026-08-24T13:53:14+00:00\" \/>\n<meta property=\"og:image\" content=\"https:\/\/www.dogchef.com\/wp-content\/uploads\/2022\/02\/pexels-ivan-babydov-7788859-scaled.jpg\" \/>\n\t<meta property=\"og:image:width\" content=\"2048\" \/>\n\t<meta property=\"og:image:height\" content=\"1366\" \/>\n\t<meta property=\"og:image:type\" content=\"image\/jpeg\" \/>\n<meta name=\"author\" content=\"Alexandra Chow\" \/>\n<meta name=\"twitter:card\" content=\"summary_large_image\" \/>\n<meta name=\"twitter:label1\" content=\"\u00c9crit par\" \/>\n\t<meta name=\"twitter:data1\" content=\"Alexandra Chow\" \/>\n\t<meta name=\"twitter:label2\" content=\"Dur\u00e9e de lecture estim\u00e9e\" \/>\n\t<meta name=\"twitter:data2\" content=\"3 minutes\" \/>\n<script type=\"application\/ld+json\" class=\"yoast-schema-graph\">{\"@context\":\"https:\/\/schema.org\",\"@graph\":[{\"@type\":\"Article\",\"@id\":\"https:\/\/www.dogchef.com\/fr\/blog\/les-races-de-chiens-sujettes-aux-problemes-respiratoires#article\",\"isPartOf\":{\"@id\":\"https:\/\/www.dogchef.com\/fr\/blog\/les-races-de-chiens-sujettes-aux-problemes-respiratoires\"},\"author\":{\"name\":\"Alexandra Chow\",\"@id\":\"https:\/\/www.dogchef.com\/fr\/#\/schema\/person\/b1d5c64e2ec8c04cb6fba5cef483b12a\"},\"headline\":\"Les races de chiens sujettes aux probl\u00e8mes respiratoires\",\"datePublished\":\"2022-02-11T09:30:06+00:00\",\"dateModified\":\"2026-08-24T13:53:14+00:00\",\"mainEntityOfPage\":{\"@id\":\"https:\/\/www.dogchef.com\/fr\/blog\/les-races-de-chiens-sujettes-aux-problemes-respiratoires\"},\"wordCount\":619,\"commentCount\":0,\"publisher\":{\"@id\":\"https:\/\/www.dogchef.com\/fr\/#organization\"},\"articleSection\":[\"Bien-\u00eatre\"],\"inLanguage\":\"fr-FR\",\"potentialAction\":[{\"@type\":\"CommentAction\",\"name\":\"Comment\",\"target\":[\"https:\/\/www.dogchef.com\/fr\/blog\/les-races-de-chiens-sujettes-aux-problemes-respiratoires#respond\"]}]},{\"@type\":\"WebPage\",\"@id\":\"https:\/\/www.dogchef.com\/fr\/blog\/les-races-de-chiens-sujettes-aux-problemes-respiratoires\",\"url\":\"https:\/\/www.dogchef.com\/fr\/blog\/les-races-de-chiens-sujettes-aux-problemes-respiratoires\",\"name\":\"Races brachyc\u00e9phales et troubles respiratoires | Dog Chef\",\"isPartOf\":{\"@id\":\"https:\/\/www.dogchef.com\/fr\/#website\"},\"datePublished\":\"2022-02-11T09:30:06+00:00\",\"dateModified\":\"2026-08-24T13:53:14+00:00\",\"description\":\"Bouledogues, carlins, boxers : d\u00e9couvrez quelles races brachyc\u00e9phales sont les plus expos\u00e9es aux troubles respiratoires.\",\"breadcrumb\":{\"@id\":\"https:\/\/www.dogchef.com\/fr\/blog\/les-races-de-chiens-sujettes-aux-problemes-respiratoires#breadcrumb\"},\"inLanguage\":\"fr-FR\",\"potentialAction\":[{\"@type\":\"ReadAction\",\"target\":[\"https:\/\/www.dogchef.com\/fr\/blog\/les-races-de-chiens-sujettes-aux-problemes-respiratoires\"]}]},{\"@type\":\"BreadcrumbList\",\"@id\":\"https:\/\/www.dogchef.com\/fr\/blog\/les-races-de-chiens-sujettes-aux-problemes-respiratoires#breadcrumb\",\"itemListElement\":[{\"@type\":\"ListItem\",\"position\":1,\"name\":\"Home\",\"item\":\"https:\/\/www.dogchef.com\/fr\/\"},{\"@type\":\"ListItem\",\"position\":2,\"name\":\"Les races de chiens sujettes aux probl\u00e8mes respiratoires\"}]},{\"@type\":\"WebSite\",\"@id\":\"https:\/\/www.dogchef.com\/fr\/#website\",\"url\":\"https:\/\/www.dogchef.com\/fr\/\",\"name\":\"Dog Chef\",\"description\":\"Alimentation Fra\u00eeche Pour Chien\",\"publisher\":{\"@id\":\"https:\/\/www.dogchef.com\/fr\/#organization\"},\"potentialAction\":[{\"@type\":\"SearchAction\",\"target\":{\"@type\":\"EntryPoint\",\"urlTemplate\":\"https:\/\/www.dogchef.com\/fr\/?s={search_term_string}\"},\"query-input\":\"required name=search_term_string\"}],\"inLanguage\":\"fr-FR\"},{\"@type\":\"Organization\",\"@id\":\"https:\/\/www.dogchef.com\/fr\/#organization\",\"name\":\"Dog Chef\",\"url\":\"https:\/\/www.dogchef.com\/fr\/\",\"logo\":{\"@type\":\"ImageObject\",\"inLanguage\":\"fr-FR\",\"@id\":\"https:\/\/www.dogchef.com\/fr\/#\/schema\/logo\/image\/\",\"url\":\"https:\/\/www.dogchef.com\/wp-content\/uploads\/2022\/02\/logo_dc.png\",\"contentUrl\":\"https:\/\/www.dogchef.com\/wp-content\/uploads\/2022\/02\/logo_dc.png\",\"width\":670,\"height\":156,\"caption\":\"Dog Chef\"},\"image\":{\"@id\":\"https:\/\/www.dogchef.com\/fr\/#\/schema\/logo\/image\/\"},\"sameAs\":[\"https:\/\/www.facebook.com\/dogcheffood\",\"https:\/\/www.instagram.com\/dogchef_fr\/\",\"https:\/\/www.youtube.com\/c\/DogChef\"]},{\"@type\":\"Person\",\"@id\":\"https:\/\/www.dogchef.com\/fr\/#\/schema\/person\/b1d5c64e2ec8c04cb6fba5cef483b12a\",\"name\":\"Alexandra Chow\"}]}<\/script>\n<!-- \/ Yoast SEO plugin. -->","yoast_head_json":{"title":"Races brachyc\u00e9phales et troubles respiratoires | Dog Chef","description":"Bouledogues, carlins, boxers : d\u00e9couvrez quelles races brachyc\u00e9phales sont les plus expos\u00e9es aux troubles respiratoires.","robots":{"index":"index","follow":"follow","max-snippet":"max-snippet:-1","max-image-preview":"max-image-preview:large","max-video-preview":"max-video-preview:-1"},"canonical":"https:\/\/www.dogchef.com\/fr\/blog\/les-races-de-chiens-sujettes-aux-problemes-respiratoires","og_locale":"fr_FR","og_type":"article","og_title":"Races brachyc\u00e9phales et troubles respiratoires | Dog Chef","og_description":"Bouledogues, carlins, boxers : d\u00e9couvrez quelles races brachyc\u00e9phales sont les plus expos\u00e9es aux troubles respiratoires.","og_url":"https:\/\/www.dogchef.com\/fr\/blog\/les-races-de-chiens-sujettes-aux-problemes-respiratoires","og_site_name":"Dog Chef","article_publisher":"https:\/\/www.facebook.com\/dogcheffood","article_published_time":"2022-02-11T09:30:06+00:00","article_modified_time":"2026-08-24T13:53:14+00:00","og_image":[{"width":2048,"height":1366,"url":"https:\/\/www.dogchef.com\/wp-content\/uploads\/2022\/02\/pexels-ivan-babydov-7788859-scaled.jpg","type":"image\/jpeg"}],"author":"Alexandra Chow","twitter_card":"summary_large_image","twitter_misc":{"\u00c9crit par":"Alexandra Chow","Dur\u00e9e de lecture estim\u00e9e":"3 minutes"},"schema":{"@context":"https:\/\/schema.org","@graph":[{"@type":"Article","@id":"https:\/\/www.dogchef.com\/fr\/blog\/les-races-de-chiens-sujettes-aux-problemes-respiratoires#article","isPartOf":{"@id":"https:\/\/www.dogchef.com\/fr\/blog\/les-races-de-chiens-sujettes-aux-problemes-respiratoires"},"author":{"name":"Alexandra Chow","@id":"https:\/\/www.dogchef.com\/fr\/#\/schema\/person\/b1d5c64e2ec8c04cb6fba5cef483b12a"},"headline":"Les races de chiens sujettes aux probl\u00e8mes respiratoires","datePublished":"2022-02-11T09:30:06+00:00","dateModified":"2026-08-24T13:53:14+00:00","mainEntityOfPage":{"@id":"https:\/\/www.dogchef.com\/fr\/blog\/les-races-de-chiens-sujettes-aux-problemes-respiratoires"},"wordCount":619,"commentCount":0,"publisher":{"@id":"https:\/\/www.dogchef.com\/fr\/#organization"},"articleSection":["Bien-\u00eatre"],"inLanguage":"fr-FR","potentialAction":[{"@type":"CommentAction","name":"Comment","target":["https:\/\/www.dogchef.com\/fr\/blog\/les-races-de-chiens-sujettes-aux-problemes-respiratoires#respond"]}]},{"@type":"WebPage","@id":"https:\/\/www.dogchef.com\/fr\/blog\/les-races-de-chiens-sujettes-aux-problemes-respiratoires","url":"https:\/\/www.dogchef.com\/fr\/blog\/les-races-de-chiens-sujettes-aux-problemes-respiratoires","name":"Races brachyc\u00e9phales et troubles respiratoires | Dog Chef","isPartOf":{"@id":"https:\/\/www.dogchef.com\/fr\/#website"},"datePublished":"2022-02-11T09:30:06+00:00","dateModified":"2026-08-24T13:53:14+00:00","description":"Bouledogues, carlins, boxers : d\u00e9couvrez quelles races brachyc\u00e9phales sont les plus expos\u00e9es aux troubles respiratoires.","breadcrumb":{"@id":"https:\/\/www.dogchef.com\/fr\/blog\/les-races-de-chiens-sujettes-aux-problemes-respiratoires#breadcrumb"},"inLanguage":"fr-FR","potentialAction":[{"@type":"ReadAction","target":["https:\/\/www.dogchef.com\/fr\/blog\/les-races-de-chiens-sujettes-aux-problemes-respiratoires"]}]},{"@type":"BreadcrumbList","@id":"https:\/\/www.dogchef.com\/fr\/blog\/les-races-de-chiens-sujettes-aux-problemes-respiratoires#breadcrumb","itemListElement":[{"@type":"ListItem","position":1,"name":"Home","item":"https:\/\/www.dogchef.com\/fr\/"},{"@type":"ListItem","position":2,"name":"Les races de chiens sujettes aux probl\u00e8mes respiratoires"}]},{"@type":"WebSite","@id":"https:\/\/www.dogchef.com\/fr\/#website","url":"https:\/\/www.dogchef.com\/fr\/","name":"Dog Chef","description":"Alimentation Fra\u00eeche Pour Chien","publisher":{"@id":"https:\/\/www.dogchef.com\/fr\/#organization"},"potentialAction":[{"@type":"SearchAction","target":{"@type":"EntryPoint","urlTemplate":"https:\/\/www.dogchef.com\/fr\/?s={search_term_string}"},"query-input":"required name=search_term_string"}],"inLanguage":"fr-FR"},{"@type":"Organization","@id":"https:\/\/www.dogchef.com\/fr\/#organization","name":"Dog Chef","url":"https:\/\/www.dogchef.com\/fr\/","logo":{"@type":"ImageObject","inLanguage":"fr-FR","@id":"https:\/\/www.dogchef.com\/fr\/#\/schema\/logo\/image\/","url":"https:\/\/www.dogchef.com\/wp-content\/uploads\/2022\/02\/logo_dc.png","contentUrl":"https:\/\/www.dogchef.com\/wp-content\/uploads\/2022\/02\/logo_dc.png","width":670,"height":156,"caption":"Dog Chef"},"image":{"@id":"https:\/\/www.dogchef.com\/fr\/#\/schema\/logo\/image\/"},"sameAs":["https:\/\/www.facebook.com\/dogcheffood","https:\/\/www.instagram.com\/dogchef_fr\/","https:\/\/www.youtube.com\/c\/DogChef"]},{"@type":"Person","@id":"https:\/\/www.dogchef.com\/fr\/#\/schema\/person\/b1d5c64e2ec8c04cb6fba5cef483b12a","name":"Alexandra Chow"}]}},"_links":{"self":[{"href":"https:\/\/www.dogchef.com\/fr\/wp-json\/wp\/v2\/posts\/2072"}],"collection":[{"href":"https:\/\/www.dogchef.com\/fr\/wp-json\/wp\/v2\/posts"}],"about":[{"href":"https:\/\/www.dogchef.com\/fr\/wp-json\/wp\/v2\/types\/post"}],"author":[{"embeddable":true,"href":"https:\/\/www.dogchef.com\/fr\/wp-json\/wp\/v2\/users\/25"}],"replies":[{"embeddable":true,"href":"https:\/\/www.dogchef.com\/fr\/wp-json\/wp\/v2\/comments?post=2072"}],"version-history":[{"count":6,"href":"https:\/\/www.dogchef.com\/fr\/wp-json\/wp\/v2\/posts\/2072\/revisions"}],"predecessor-version":[{"id":51018,"href":"https:\/\/www.dogchef.com\/fr\/wp-json\/wp\/v2\/posts\/2072\/revisions\/51018"}],"wp:featuredmedia":[{"embeddable":true,"href":"https:\/\/www.dogchef.com\/fr\/wp-json\/wp\/v2\/media\/2590"}],"wp:attachment":[{"href":"https:\/\/www.dogchef.com\/fr\/wp-json\/wp\/v2\/media?parent=2072"}],"wp:term":[{"taxonomy":"category","embeddable":true,"href":"https:\/\/www.dogchef.com\/fr\/wp-json\/wp\/v2\/categories?post=2072"},{"taxonomy":"post_tag","embeddable":true,"href":"https:\/\/www.dogchef.com\/fr\/wp-json\/wp\/v2\/tags?post=2072"}],"curies":[{"name":"wp","href":"https:\/\/api.w.org\/{rel}","templated":true}]}}